{"id":1816,"date":"2022-06-23T21:41:12","date_gmt":"2022-06-23T19:41:12","guid":{"rendered":"https:\/\/www.arctik.eu\/the-eu-ecolabel-showroom-on-wheels-is-at-the-berlaymont\/"},"modified":"2023-02-13T13:00:58","modified_gmt":"2023-02-13T12:00:58","slug":"the-eu-ecolabel-showroom-on-wheels-is-at-the-berlaymont","status":"publish","type":"post","link":"https:\/\/www.arctik.eu\/fr\/the-eu-ecolabel-showroom-on-wheels-is-at-the-berlaymont\/","title":{"rendered":"The EU Ecolabel Showroom on Wheels is at the Berlaymont"},"content":{"rendered":"\n<p>After the official inauguration at <a href=\"https:\/\/environment.ec.europa.eu\/showroom-wheels-eu-green-week_en\" target=\"_blank\" rel=\"noreferrer noopener\">EU Green Week<\/a>, and an appearance at <a href=\"https:\/\/environment.ec.europa.eu\/eu-ecolabel-showroom-wheels-fete-de-lenvironment_en\" target=\"_blank\" rel=\"noreferrer noopener\">F\u00eate de L\u2019Environment<\/a>, the Showroom\u2019s final stop in Brussels is the <a href=\"https:\/\/environment.ec.europa.eu\/eu-ecolabel-showroom-wheels-berlaymont_en\" target=\"_blank\" rel=\"noreferrer noopener\">Berlaymont<\/a>! At the heart of the European Commission, the Showroom can be found in the Piazza until 30 June.&nbsp;&nbsp;<\/p>\n\n\n\n<p>Once it leaves Brussels, our beloved bike and caravan will have quite the Journey across Europe. In July, the Showroom on Wheels will travel to 12 cities across Germany, and then it will makes its way to Estonia, Hungary, Czech Republic, Luxembourg, and then back to Brussels for World Ecolabel Day!&nbsp;<\/p>\n\n\n\n<p>Follow the journey on the\u202f<a href=\"https:\/\/www.linkedin.com\/company\/euecolabel\/\" target=\"_blank\" rel=\"noreferrer noopener\">EU Ecolabel LinkedIn<\/a>&nbsp;<\/p>\n","protected":false},"excerpt":{"rendered":"<p>After the official inauguration at EU Green Week, and an appearance at F\u00eate de L\u2019Environment, the Showroom\u2019s final stop in Brussels is the Berlaymont! At the heart of the European Commission, the Showroom can be found in the Piazza until 30 June.&nbsp;&nbsp; Once it leaves Brussels, our beloved bike and caravan will have quite the [&hellip;]<\/p>\n","protected":false},"author":1,"featured_media":1550,"comment_status":"open","ping_status":"open","sticky":false,"template":"","format":"standard","meta":{"footnotes":""},"categories":[19],"tags":[],"class_list":["post-1816","post","type-post","status-publish","format-standard","has-post-thumbnail","hentry","category-non-classifiee"],"acf":[],"yoast_head":"<!-- This site is optimized with the Yoast SEO Premium plugin v18.1 (Yoast SEO v26.3) - https:\/\/yoast.com\/wordpress\/plugins\/seo\/ -->\n<title>Arctik - The EU Ecolabel Showroom on Wheels is at the Berlaymont<\/title>\n<meta name=\"robots\" content=\"index, follow, max-snippet:-1, max-image-preview:large, max-video-preview:-1\" \/>\n<link rel=\"canonical\" href=\"https:\/\/www.arctik.eu\/the-eu-ecolabel-showroom-on-wheels-is-at-the-berlaymont\/\" \/>\n<meta property=\"og:locale\" content=\"fr_FR\" \/>\n<meta property=\"og:type\" content=\"article\" \/>\n<meta property=\"og:title\" content=\"The EU Ecolabel Showroom on Wheels is at the Berlaymont\" \/>\n<meta property=\"og:description\" content=\"After the official inauguration at EU Green Week, and an appearance at F\u00eate de L\u2019Environment, the Showroom\u2019s final stop in Brussels is the Berlaymont! At the heart of the European Commission, the Showroom can be found in the Piazza until 30 June.&nbsp;&nbsp; Once it leaves Brussels, our beloved bike and caravan will have quite the [&hellip;]\" \/>\n<meta property=\"og:url\" content=\"https:\/\/www.arctik.eu\/the-eu-ecolabel-showroom-on-wheels-is-at-the-berlaymont\/\" \/>\n<meta property=\"og:site_name\" content=\"Arctik\" \/>\n<meta property=\"article:published_time\" content=\"2022-06-23T19:41:12+00:00\" \/>\n<meta property=\"article:modified_time\" content=\"2023-02-13T12:00:58+00:00\" \/>\n<meta property=\"og:image\" content=\"https:\/\/www.arctik.eu\/wp-content\/uploads\/2022\/06\/ecolabel-berlaymont.jpg\" \/>\n\t<meta property=\"og:image:width\" content=\"1920\" \/>\n\t<meta property=\"og:image:height\" content=\"1080\" \/>\n\t<meta property=\"og:image:type\" content=\"image\/jpeg\" \/>\n<meta name=\"author\" content=\"c.chev.web\" \/>\n<meta name=\"twitter:card\" content=\"summary_large_image\" \/>\n<meta name=\"twitter:label1\" content=\"\u00c9crit par\" \/>\n\t<meta name=\"twitter:data1\" content=\"c.chev.web\" \/>\n\t<meta name=\"twitter:label2\" content=\"Dur\u00e9e de lecture estim\u00e9e\" \/>\n\t<meta name=\"twitter:data2\" content=\"1 minute\" \/>\n<script type=\"application\/ld+json\" class=\"yoast-schema-graph\">{\"@context\":\"https:\/\/schema.org\",\"@graph\":[{\"@type\":\"Article\",\"@id\":\"https:\/\/www.arctik.eu\/the-eu-ecolabel-showroom-on-wheels-is-at-the-berlaymont\/#article\",\"isPartOf\":{\"@id\":\"https:\/\/www.arctik.eu\/the-eu-ecolabel-showroom-on-wheels-is-at-the-berlaymont\/\"},\"author\":{\"name\":\"c.chev.web\",\"@id\":\"https:\/\/www.arctik.eu\/#\/schema\/person\/7028414aac689aabe379a8e2505e7a09\"},\"headline\":\"The EU Ecolabel Showroom on Wheels is at the Berlaymont\",\"datePublished\":\"2022-06-23T19:41:12+00:00\",\"dateModified\":\"2023-02-13T12:00:58+00:00\",\"mainEntityOfPage\":{\"@id\":\"https:\/\/www.arctik.eu\/the-eu-ecolabel-showroom-on-wheels-is-at-the-berlaymont\/\"},\"wordCount\":116,\"commentCount\":0,\"publisher\":{\"@id\":\"https:\/\/www.arctik.eu\/#organization\"},\"image\":{\"@id\":\"https:\/\/www.arctik.eu\/the-eu-ecolabel-showroom-on-wheels-is-at-the-berlaymont\/#primaryimage\"},\"thumbnailUrl\":\"https:\/\/www.arctik.eu\/wp-content\/uploads\/2022\/06\/ecolabel-berlaymont.jpg\",\"articleSection\":[\"Non classifi\u00e9(e)\"],\"inLanguage\":\"fr-FR\",\"potentialAction\":[{\"@type\":\"CommentAction\",\"name\":\"Comment\",\"target\":[\"https:\/\/www.arctik.eu\/the-eu-ecolabel-showroom-on-wheels-is-at-the-berlaymont\/#respond\"]}]},{\"@type\":\"WebPage\",\"@id\":\"https:\/\/www.arctik.eu\/the-eu-ecolabel-showroom-on-wheels-is-at-the-berlaymont\/\",\"url\":\"https:\/\/www.arctik.eu\/the-eu-ecolabel-showroom-on-wheels-is-at-the-berlaymont\/\",\"name\":\"Arctik - The EU Ecolabel Showroom on Wheels is at the Berlaymont\",\"isPartOf\":{\"@id\":\"https:\/\/www.arctik.eu\/#website\"},\"primaryImageOfPage\":{\"@id\":\"https:\/\/www.arctik.eu\/the-eu-ecolabel-showroom-on-wheels-is-at-the-berlaymont\/#primaryimage\"},\"image\":{\"@id\":\"https:\/\/www.arctik.eu\/the-eu-ecolabel-showroom-on-wheels-is-at-the-berlaymont\/#primaryimage\"},\"thumbnailUrl\":\"https:\/\/www.arctik.eu\/wp-content\/uploads\/2022\/06\/ecolabel-berlaymont.jpg\",\"datePublished\":\"2022-06-23T19:41:12+00:00\",\"dateModified\":\"2023-02-13T12:00:58+00:00\",\"breadcrumb\":{\"@id\":\"https:\/\/www.arctik.eu\/the-eu-ecolabel-showroom-on-wheels-is-at-the-berlaymont\/#breadcrumb\"},\"inLanguage\":\"fr-FR\",\"potentialAction\":[{\"@type\":\"ReadAction\",\"target\":[\"https:\/\/www.arctik.eu\/the-eu-ecolabel-showroom-on-wheels-is-at-the-berlaymont\/\"]}]},{\"@type\":\"ImageObject\",\"inLanguage\":\"fr-FR\",\"@id\":\"https:\/\/www.arctik.eu\/the-eu-ecolabel-showroom-on-wheels-is-at-the-berlaymont\/#primaryimage\",\"url\":\"https:\/\/www.arctik.eu\/wp-content\/uploads\/2022\/06\/ecolabel-berlaymont.jpg\",\"contentUrl\":\"https:\/\/www.arctik.eu\/wp-content\/uploads\/2022\/06\/ecolabel-berlaymont.jpg\",\"width\":1920,\"height\":1080},{\"@type\":\"BreadcrumbList\",\"@id\":\"https:\/\/www.arctik.eu\/the-eu-ecolabel-showroom-on-wheels-is-at-the-berlaymont\/#breadcrumb\",\"itemListElement\":[{\"@type\":\"ListItem\",\"position\":1,\"name\":\"Home\",\"item\":\"https:\/\/www.arctik.eu\/fr\/homepage\/\"},{\"@type\":\"ListItem\",\"position\":2,\"name\":\"The EU Ecolabel Showroom on Wheels is at the Berlaymont\"}]},{\"@type\":\"WebSite\",\"@id\":\"https:\/\/www.arctik.eu\/#website\",\"url\":\"https:\/\/www.arctik.eu\/\",\"name\":\"Arctik\",\"description\":\"Communication for sustainability\",\"publisher\":{\"@id\":\"https:\/\/www.arctik.eu\/#organization\"},\"potentialAction\":[{\"@type\":\"SearchAction\",\"target\":{\"@type\":\"EntryPoint\",\"urlTemplate\":\"https:\/\/www.arctik.eu\/?s={search_term_string}\"},\"query-input\":{\"@type\":\"PropertyValueSpecification\",\"valueRequired\":true,\"valueName\":\"search_term_string\"}}],\"inLanguage\":\"fr-FR\"},{\"@type\":\"Organization\",\"@id\":\"https:\/\/www.arctik.eu\/#organization\",\"name\":\"Arctik - Communication for Sustainability\",\"url\":\"https:\/\/www.arctik.eu\/\",\"logo\":{\"@type\":\"ImageObject\",\"inLanguage\":\"fr-FR\",\"@id\":\"https:\/\/www.arctik.eu\/#\/schema\/logo\/image\/\",\"url\":\"https:\/\/www.arctik.eu\/wp-content\/uploads\/2022\/03\/arctik-communication-social-network.jpg\",\"contentUrl\":\"https:\/\/www.arctik.eu\/wp-content\/uploads\/2022\/03\/arctik-communication-social-network.jpg\",\"width\":1200,\"height\":630,\"caption\":\"Arctik - Communication for Sustainability\"},\"image\":{\"@id\":\"https:\/\/www.arctik.eu\/#\/schema\/logo\/image\/\"}},{\"@type\":\"Person\",\"@id\":\"https:\/\/www.arctik.eu\/#\/schema\/person\/7028414aac689aabe379a8e2505e7a09\",\"name\":\"c.chev.web\",\"image\":{\"@type\":\"ImageObject\",\"inLanguage\":\"fr-FR\",\"@id\":\"https:\/\/www.arctik.eu\/#\/schema\/person\/image\/\",\"url\":\"https:\/\/secure.gravatar.com\/avatar\/497d412f48cec5d772f00904ec9eeece7ccdc8c4c13e9c38824de5ce441fab90?s=96&d=mm&r=g\",\"contentUrl\":\"https:\/\/secure.gravatar.com\/avatar\/497d412f48cec5d772f00904ec9eeece7ccdc8c4c13e9c38824de5ce441fab90?s=96&d=mm&r=g\",\"caption\":\"c.chev.web\"},\"sameAs\":[\"http:\/\/arctik.eu\"],\"url\":\"https:\/\/www.arctik.eu\/fr\/author\/c-chev-web\/\"}]}<\/script>\n<!-- \/ Yoast SEO Premium plugin. -->","yoast_head_json":{"title":"Arctik - The EU Ecolabel Showroom on Wheels is at the Berlaymont","robots":{"index":"index","follow":"follow","max-snippet":"max-snippet:-1","max-image-preview":"max-image-preview:large","max-video-preview":"max-video-preview:-1"},"canonical":"https:\/\/www.arctik.eu\/the-eu-ecolabel-showroom-on-wheels-is-at-the-berlaymont\/","og_locale":"fr_FR","og_type":"article","og_title":"The EU Ecolabel Showroom on Wheels is at the Berlaymont","og_description":"After the official inauguration at EU Green Week, and an appearance at F\u00eate de L\u2019Environment, the Showroom\u2019s final stop in Brussels is the Berlaymont! At the heart of the European Commission, the Showroom can be found in the Piazza until 30 June.&nbsp;&nbsp; Once it leaves Brussels, our beloved bike and caravan will have quite the [&hellip;]","og_url":"https:\/\/www.arctik.eu\/the-eu-ecolabel-showroom-on-wheels-is-at-the-berlaymont\/","og_site_name":"Arctik","article_published_time":"2022-06-23T19:41:12+00:00","article_modified_time":"2023-02-13T12:00:58+00:00","og_image":[{"width":1920,"height":1080,"url":"https:\/\/www.arctik.eu\/wp-content\/uploads\/2022\/06\/ecolabel-berlaymont.jpg","type":"image\/jpeg"}],"author":"c.chev.web","twitter_card":"summary_large_image","twitter_misc":{"\u00c9crit par":"c.chev.web","Dur\u00e9e de lecture estim\u00e9e":"1 minute"},"schema":{"@context":"https:\/\/schema.org","@graph":[{"@type":"Article","@id":"https:\/\/www.arctik.eu\/the-eu-ecolabel-showroom-on-wheels-is-at-the-berlaymont\/#article","isPartOf":{"@id":"https:\/\/www.arctik.eu\/the-eu-ecolabel-showroom-on-wheels-is-at-the-berlaymont\/"},"author":{"name":"c.chev.web","@id":"https:\/\/www.arctik.eu\/#\/schema\/person\/7028414aac689aabe379a8e2505e7a09"},"headline":"The EU Ecolabel Showroom on Wheels is at the Berlaymont","datePublished":"2022-06-23T19:41:12+00:00","dateModified":"2023-02-13T12:00:58+00:00","mainEntityOfPage":{"@id":"https:\/\/www.arctik.eu\/the-eu-ecolabel-showroom-on-wheels-is-at-the-berlaymont\/"},"wordCount":116,"commentCount":0,"publisher":{"@id":"https:\/\/www.arctik.eu\/#organization"},"image":{"@id":"https:\/\/www.arctik.eu\/the-eu-ecolabel-showroom-on-wheels-is-at-the-berlaymont\/#primaryimage"},"thumbnailUrl":"https:\/\/www.arctik.eu\/wp-content\/uploads\/2022\/06\/ecolabel-berlaymont.jpg","articleSection":["Non classifi\u00e9(e)"],"inLanguage":"fr-FR","potentialAction":[{"@type":"CommentAction","name":"Comment","target":["https:\/\/www.arctik.eu\/the-eu-ecolabel-showroom-on-wheels-is-at-the-berlaymont\/#respond"]}]},{"@type":"WebPage","@id":"https:\/\/www.arctik.eu\/the-eu-ecolabel-showroom-on-wheels-is-at-the-berlaymont\/","url":"https:\/\/www.arctik.eu\/the-eu-ecolabel-showroom-on-wheels-is-at-the-berlaymont\/","name":"Arctik - The EU Ecolabel Showroom on Wheels is at the Berlaymont","isPartOf":{"@id":"https:\/\/www.arctik.eu\/#website"},"primaryImageOfPage":{"@id":"https:\/\/www.arctik.eu\/the-eu-ecolabel-showroom-on-wheels-is-at-the-berlaymont\/#primaryimage"},"image":{"@id":"https:\/\/www.arctik.eu\/the-eu-ecolabel-showroom-on-wheels-is-at-the-berlaymont\/#primaryimage"},"thumbnailUrl":"https:\/\/www.arctik.eu\/wp-content\/uploads\/2022\/06\/ecolabel-berlaymont.jpg","datePublished":"2022-06-23T19:41:12+00:00","dateModified":"2023-02-13T12:00:58+00:00","breadcrumb":{"@id":"https:\/\/www.arctik.eu\/the-eu-ecolabel-showroom-on-wheels-is-at-the-berlaymont\/#breadcrumb"},"inLanguage":"fr-FR","potentialAction":[{"@type":"ReadAction","target":["https:\/\/www.arctik.eu\/the-eu-ecolabel-showroom-on-wheels-is-at-the-berlaymont\/"]}]},{"@type":"ImageObject","inLanguage":"fr-FR","@id":"https:\/\/www.arctik.eu\/the-eu-ecolabel-showroom-on-wheels-is-at-the-berlaymont\/#primaryimage","url":"https:\/\/www.arctik.eu\/wp-content\/uploads\/2022\/06\/ecolabel-berlaymont.jpg","contentUrl":"https:\/\/www.arctik.eu\/wp-content\/uploads\/2022\/06\/ecolabel-berlaymont.jpg","width":1920,"height":1080},{"@type":"BreadcrumbList","@id":"https:\/\/www.arctik.eu\/the-eu-ecolabel-showroom-on-wheels-is-at-the-berlaymont\/#breadcrumb","itemListElement":[{"@type":"ListItem","position":1,"name":"Home","item":"https:\/\/www.arctik.eu\/fr\/homepage\/"},{"@type":"ListItem","position":2,"name":"The EU Ecolabel Showroom on Wheels is at the Berlaymont"}]},{"@type":"WebSite","@id":"https:\/\/www.arctik.eu\/#website","url":"https:\/\/www.arctik.eu\/","name":"Arctik","description":"Communication for sustainability","publisher":{"@id":"https:\/\/www.arctik.eu\/#organization"},"potentialAction":[{"@type":"SearchAction","target":{"@type":"EntryPoint","urlTemplate":"https:\/\/www.arctik.eu\/?s={search_term_string}"},"query-input":{"@type":"PropertyValueSpecification","valueRequired":true,"valueName":"search_term_string"}}],"inLanguage":"fr-FR"},{"@type":"Organization","@id":"https:\/\/www.arctik.eu\/#organization","name":"Arctik - Communication for Sustainability","url":"https:\/\/www.arctik.eu\/","logo":{"@type":"ImageObject","inLanguage":"fr-FR","@id":"https:\/\/www.arctik.eu\/#\/schema\/logo\/image\/","url":"https:\/\/www.arctik.eu\/wp-content\/uploads\/2022\/03\/arctik-communication-social-network.jpg","contentUrl":"https:\/\/www.arctik.eu\/wp-content\/uploads\/2022\/03\/arctik-communication-social-network.jpg","width":1200,"height":630,"caption":"Arctik - Communication for Sustainability"},"image":{"@id":"https:\/\/www.arctik.eu\/#\/schema\/logo\/image\/"}},{"@type":"Person","@id":"https:\/\/www.arctik.eu\/#\/schema\/person\/7028414aac689aabe379a8e2505e7a09","name":"c.chev.web","image":{"@type":"ImageObject","inLanguage":"fr-FR","@id":"https:\/\/www.arctik.eu\/#\/schema\/person\/image\/","url":"https:\/\/secure.gravatar.com\/avatar\/497d412f48cec5d772f00904ec9eeece7ccdc8c4c13e9c38824de5ce441fab90?s=96&d=mm&r=g","contentUrl":"https:\/\/secure.gravatar.com\/avatar\/497d412f48cec5d772f00904ec9eeece7ccdc8c4c13e9c38824de5ce441fab90?s=96&d=mm&r=g","caption":"c.chev.web"},"sameAs":["http:\/\/arctik.eu"],"url":"https:\/\/www.arctik.eu\/fr\/author\/c-chev-web\/"}]}},"_links":{"self":[{"href":"https:\/\/www.arctik.eu\/fr\/wp-json\/wp\/v2\/posts\/1816","targetHints":{"allow":["GET"]}}],"collection":[{"href":"https:\/\/www.arctik.eu\/fr\/wp-json\/wp\/v2\/posts"}],"about":[{"href":"https:\/\/www.arctik.eu\/fr\/wp-json\/wp\/v2\/types\/post"}],"author":[{"embeddable":true,"href":"https:\/\/www.arctik.eu\/fr\/wp-json\/wp\/v2\/users\/1"}],"replies":[{"embeddable":true,"href":"https:\/\/www.arctik.eu\/fr\/wp-json\/wp\/v2\/comments?post=1816"}],"version-history":[{"count":1,"href":"https:\/\/www.arctik.eu\/fr\/wp-json\/wp\/v2\/posts\/1816\/revisions"}],"predecessor-version":[{"id":1818,"href":"https:\/\/www.arctik.eu\/fr\/wp-json\/wp\/v2\/posts\/1816\/revisions\/1818"}],"wp:featuredmedia":[{"embeddable":true,"href":"https:\/\/www.arctik.eu\/fr\/wp-json\/wp\/v2\/media\/1550"}],"wp:attachment":[{"href":"https:\/\/www.arctik.eu\/fr\/wp-json\/wp\/v2\/media?parent=1816"}],"wp:term":[{"taxonomy":"category","embeddable":true,"href":"https:\/\/www.arctik.eu\/fr\/wp-json\/wp\/v2\/categories?post=1816"},{"taxonomy":"post_tag","embeddable":true,"href":"https:\/\/www.arctik.eu\/fr\/wp-json\/wp\/v2\/tags?post=1816"}],"curies":[{"name":"wp","href":"https:\/\/api.w.org\/{rel}","templated":true}]}}